{"id":40,"date":"2013-07-17T09:55:33","date_gmt":"2013-07-17T07:55:33","guid":{"rendered":"http:\/\/schweinfurtundgruen.de\/?p=40"},"modified":"2015-03-11T12:05:25","modified_gmt":"2015-03-11T10:05:25","slug":"einladung","status":"publish","type":"post","link":"http:\/\/schweinfurtundgruen.de\/?p=40","title":{"rendered":"Schweinfurt und Gr\u00fcn"},"content":{"rendered":"<p style=\"text-align: justify;\" align=\"LEFT\"><span style=\"color: #4c4c4c;\"><span style=\"font-family: Trebuchet MS,sans-serif;\"><span style=\"font-size: medium;\">Das \u201eSchweinfurt und Gr\u00fcn\u201c ist die Werkstatt des Malers und Graphikers Andr\u00e9 Kunz (<a title=\"Andr\u00e9 Kunz\" href=\"http:\/\/www.andr\u00e9kunz.de\" target=\"_blank\">www.andr\u00e9kunz.de<\/a>) und der Schriftstellerin Marie-Christin Fuchs (<a title=\"Marie-Christin Fuchs\" href=\"http:\/\/www.schreibt-der-fuchs.de\" target=\"_blank\">www.schreibt-der-fuchs.de<\/a>).<br \/>\n<\/span><\/span><\/span><\/p>\n<p align=\"LEFT\"><a href=\"http:\/\/schweinfurtundgruen.de\/wp-content\/uploads\/2013\/07\/AltesFotoBunsenstrasse10.jpg\"><img loading=\"lazy\" decoding=\"async\" class=\"alignnone wp-image-41 size-large\" src=\"http:\/\/schweinfurtundgruen.de\/wp-content\/uploads\/2013\/07\/AltesFotoBunsenstrasse10-1024x688.jpg\" alt=\"AltesFotoBunsenstrasse10\" width=\"625\" height=\"420\" srcset=\"http:\/\/schweinfurtundgruen.de\/wp-content\/uploads\/2013\/07\/AltesFotoBunsenstrasse10-1024x688.jpg 1024w, http:\/\/schweinfurtundgruen.de\/wp-content\/uploads\/2013\/07\/AltesFotoBunsenstrasse10-300x201.jpg 300w, http:\/\/schweinfurtundgruen.de\/wp-content\/uploads\/2013\/07\/AltesFotoBunsenstrasse10-624x419.jpg 624w\" sizes=\"auto, (max-width: 625px) 100vw, 625px\" \/><\/a><\/p>\n<p style=\"text-align: justify;\" align=\"LEFT\"><span style=\"color: #4c4c4c;\"><span style=\"font-family: Trebuchet MS,sans-serif;\"><span style=\"font-size: small;\">(Aus: Timm, Christoph: Gustav Oelsner und das Neue Altona. Hamburg 1984. Abbildung Seite 138)<\/span><\/span><\/span><\/p>\n<p style=\"text-align: justify;\"><span style=\"color: #4c4c4c;\"><span style=\"font-family: Trebuchet MS,sans-serif;\"><span style=\"font-size: medium;\"><strong>1928<\/strong>: Mit Familie Pahl stehen die ersten Mieter vor ihrem Meiereigesch\u00e4ft in der Bunsenstra\u00dfe 10. Der Laden, eingebettet in das von Gustav Oelsner gerade erbaute Zeilenensemble, von den fr\u00fcheren Bewohnern ironisch Zuchthausviertel genannt, hielt sich bis in die sp\u00e4ten 60iger Jahre.<\/span><\/span><\/span><\/p>\n<p style=\"text-align: justify;\" align=\"JUSTIFY\"><span style=\"color: #4c4c4c;\"><span style=\"font-family: Trebuchet MS,sans-serif;\"><span style=\"font-size: medium;\"><strong>2013<\/strong>: Erst langsam wird das Ensemble mit seinem besonderen Charme neu entdeckt. Wir sind seit 2013 Mieter, die Ateliert\u00fcr steht oft offen &#8211; und wir freuen uns \u00fcber Besuch.<br \/>\n<\/span><\/span><\/span><\/p>\n<p align=\"JUSTIFY\"><a href=\"http:\/\/schweinfurtundgruen.de\/wp-content\/uploads\/2013\/09\/Er\u00f6ffnung1.jpg\"><img loading=\"lazy\" decoding=\"async\" class=\"alignnone wp-image-65 size-full\" src=\"http:\/\/schweinfurtundgruen.de\/wp-content\/uploads\/2013\/09\/Er\u00f6ffnung1.jpg\" alt=\"Er\u00f6ffnung1\" width=\"709\" height=\"469\" srcset=\"http:\/\/schweinfurtundgruen.de\/wp-content\/uploads\/2013\/09\/Er\u00f6ffnung1.jpg 709w, http:\/\/schweinfurtundgruen.de\/wp-content\/uploads\/2013\/09\/Er\u00f6ffnung1-300x198.jpg 300w, http:\/\/schweinfurtundgruen.de\/wp-content\/uploads\/2013\/09\/Er\u00f6ffnung1-624x412.jpg 624w\" sizes=\"auto, (max-width: 709px) 100vw, 709px\" \/><\/a><\/p>\n<p align=\"JUSTIFY\"><a href=\"http:\/\/schweinfurtundgruen.de\/wp-content\/uploads\/2013\/09\/Er\u00f6ffnung2.jpg\"><img loading=\"lazy\" decoding=\"async\" class=\"alignnone wp-image-66 size-full\" src=\"http:\/\/schweinfurtundgruen.de\/wp-content\/uploads\/2013\/09\/Er\u00f6ffnung2.jpg\" alt=\"Er\u00f6ffnung2\" width=\"709\" height=\"452\" srcset=\"http:\/\/schweinfurtundgruen.de\/wp-content\/uploads\/2013\/09\/Er\u00f6ffnung2.jpg 709w, http:\/\/schweinfurtundgruen.de\/wp-content\/uploads\/2013\/09\/Er\u00f6ffnung2-300x191.jpg 300w, http:\/\/schweinfurtundgruen.de\/wp-content\/uploads\/2013\/09\/Er\u00f6ffnung2-624x397.jpg 624w\" sizes=\"auto, (max-width: 709px) 100vw, 709px\" \/><\/a><\/p>\n<p style=\"text-align: justify;\" align=\"JUSTIFY\">Ein Besuch, \u00fcber den wir uns besonders gefreut haben:<\/p>\n<p style=\"text-align: justify;\" align=\"JUSTIFY\"><a href=\"http:\/\/schweinfurtundgruen.de\/wp-content\/uploads\/2013\/09\/GustavimAtelier.jpg\"><img loading=\"lazy\" decoding=\"async\" class=\"alignnone wp-image-77 size-full\" src=\"http:\/\/schweinfurtundgruen.de\/wp-content\/uploads\/2013\/09\/GustavimAtelier.jpg\" alt=\"GustavimAtelier\" width=\"709\" height=\"519\" srcset=\"http:\/\/schweinfurtundgruen.de\/wp-content\/uploads\/2013\/09\/GustavimAtelier.jpg 709w, http:\/\/schweinfurtundgruen.de\/wp-content\/uploads\/2013\/09\/GustavimAtelier-300x219.jpg 300w, http:\/\/schweinfurtundgruen.de\/wp-content\/uploads\/2013\/09\/GustavimAtelier-624x456.jpg 624w\" sizes=\"auto, (max-width: 709px) 100vw, 709px\" \/><\/a><\/p>\n<p style=\"text-align: justify;\" align=\"JUSTIFY\">Anfahrt:<\/p>\n<p align=\"JUSTIFY\"><a href=\"http:\/\/schweinfurtundgruen.de\/wp-content\/uploads\/2013\/07\/Lageplan-Kopie.jpg\"><img loading=\"lazy\" decoding=\"async\" class=\"alignnone wp-image-42 size-full\" src=\"http:\/\/schweinfurtundgruen.de\/wp-content\/uploads\/2013\/07\/Lageplan-Kopie.jpg\" alt=\"Lageplan Kopie\" width=\"1772\" height=\"966\" srcset=\"http:\/\/schweinfurtundgruen.de\/wp-content\/uploads\/2013\/07\/Lageplan-Kopie.jpg 1772w, http:\/\/schweinfurtundgruen.de\/wp-content\/uploads\/2013\/07\/Lageplan-Kopie-300x163.jpg 300w, http:\/\/schweinfurtundgruen.de\/wp-content\/uploads\/2013\/07\/Lageplan-Kopie-1024x558.jpg 1024w, http:\/\/schweinfurtundgruen.de\/wp-content\/uploads\/2013\/07\/Lageplan-Kopie-624x340.jpg 624w\" sizes=\"auto, (max-width: 1772px) 100vw, 1772px\" \/><\/a><\/p>\n<p align=\"JUSTIFY\"><a href=\"http:\/\/schweinfurtundgruen.de\/wp-content\/uploads\/2013\/12\/NeueImpressionen3.jpg\"><img loading=\"lazy\" decoding=\"async\" class=\"alignnone wp-image-83 size-full\" src=\"http:\/\/schweinfurtundgruen.de\/wp-content\/uploads\/2013\/12\/NeueImpressionen3.jpg\" alt=\"NeueImpressionen3\" width=\"567\" height=\"438\" srcset=\"http:\/\/schweinfurtundgruen.de\/wp-content\/uploads\/2013\/12\/NeueImpressionen3.jpg 567w, http:\/\/schweinfurtundgruen.de\/wp-content\/uploads\/2013\/12\/NeueImpressionen3-300x231.jpg 300w\" sizes=\"auto, (max-width: 567px) 100vw, 567px\" \/><\/a><\/p>\n","protected":false},"excerpt":{"rendered":"<p>Das \u201eSchweinfurt und Gr\u00fcn\u201c ist die Werkstatt des Malers und Graphikers Andr\u00e9 Kunz (www.andr\u00e9kunz.de) und der Schriftstellerin Marie-Christin Fuchs (www.schreibt-der-fuchs.de). (Aus: Timm, Christoph: Gustav Oelsner und das Neue Altona. Hamburg 1984. Abbildung Seite 138) 1928: Mit Familie Pahl stehen die ersten Mieter vor ihrem Meiereigesch\u00e4ft in der Bunsenstra\u00dfe 10. Der Laden, eingebettet in das von [&hellip;]<\/p>\n","protected":false},"author":1,"featured_media":0,"comment_status":"closed","ping_status":"closed","sticky":false,"template":"","format":"standard","meta":{"footnotes":""},"categories":[3],"tags":[],"class_list":["post-40","post","type-post","status-publish","format-standard","hentry","category-atelier"],"_links":{"self":[{"href":"http:\/\/schweinfurtundgruen.de\/index.php?rest_route=\/wp\/v2\/posts\/40","targetHints":{"allow":["GET"]}}],"collection":[{"href":"http:\/\/schweinfurtundgruen.de\/index.php?rest_route=\/wp\/v2\/posts"}],"about":[{"href":"http:\/\/schweinfurtundgruen.de\/index.php?rest_route=\/wp\/v2\/types\/post"}],"author":[{"embeddable":true,"href":"http:\/\/schweinfurtundgruen.de\/index.php?rest_route=\/wp\/v2\/users\/1"}],"replies":[{"embeddable":true,"href":"http:\/\/schweinfurtundgruen.de\/index.php?rest_route=%2Fwp%2Fv2%2Fcomments&post=40"}],"version-history":[{"count":23,"href":"http:\/\/schweinfurtundgruen.de\/index.php?rest_route=\/wp\/v2\/posts\/40\/revisions"}],"predecessor-version":[{"id":101,"href":"http:\/\/schweinfurtundgruen.de\/index.php?rest_route=\/wp\/v2\/posts\/40\/revisions\/101"}],"wp:attachment":[{"href":"http:\/\/schweinfurtundgruen.de\/index.php?rest_route=%2Fwp%2Fv2%2Fmedia&parent=40"}],"wp:term":[{"taxonomy":"category","embeddable":true,"href":"http:\/\/schweinfurtundgruen.de\/index.php?rest_route=%2Fwp%2Fv2%2Fcategories&post=40"},{"taxonomy":"post_tag","embeddable":true,"href":"http:\/\/schweinfurtundgruen.de\/index.php?rest_route=%2Fwp%2Fv2%2Ftags&post=40"}],"curies":[{"name":"wp","href":"https:\/\/api.w.org\/{rel}","templated":true}]}}